{"id":24,"count":1,"description":"\u00c8 semplice descrivere questi occhiali, basta una parola, Venezia. Lo stile di questi occhiali \u00e8 semplicemente unico. Guardarli porta la nostra mente nella serenissima citt\u00e0, tra le sue calle, cattedrali, maschere dei carnevali pittoreschi e alla serena aria di mare che profuma l'intera citt\u00e0 tramite le sue vie acquee.","link":"https:\/\/otticatrabuio.com\/bislakki\/collezioni\/serenissima\/","name":"Serenissima","slug":"serenissima","taxonomy":"product_cat","parent":0,"meta":[],"menu_order":0,"yoast_head":"<!-- This site is optimized with the Yoast SEO plugin v27.2 - https:\/\/yoast.com\/product\/yoast-seo-wordpress\/ -->\n<title>Serenissima Archivi - Ottica Trabuio | Bislakki<\/title>\n<meta name=\"robots\" content=\"index, follow, max-snippet:-1, max-image-preview:large, max-video-preview:-1\" \/>\n<link rel=\"canonical\" href=\"https:\/\/otticatrabuio.com\/bislakki\/collezioni\/serenissima\/\" \/>\n<meta property=\"og:locale\" content=\"it_IT\" \/>\n<meta property=\"og:type\" content=\"article\" \/>\n<meta property=\"og:title\" content=\"Serenissima Archivi - Ottica Trabuio | Bislakki\" \/>\n<meta property=\"og:description\" content=\"\u00c8 semplice descrivere questi occhiali, basta una parola, Venezia. Lo stile di questi occhiali \u00e8 semplicemente unico. Guardarli porta la nostra mente nella serenissima citt\u00e0, tra le sue calle, cattedrali, maschere dei carnevali pittoreschi e alla serena aria di mare che profuma l&#8217;intera citt\u00e0 tramite le sue vie acquee.\" \/>\n<meta property=\"og:url\" content=\"https:\/\/otticatrabuio.com\/bislakki\/collezioni\/serenissima\/\" \/>\n<meta property=\"og:site_name\" content=\"Ottica Trabuio | Bislakki\" \/>\n<meta name=\"twitter:card\" content=\"summary_large_image\" \/>\n<script type=\"application\/ld+json\" class=\"yoast-schema-graph\">{\"@context\":\"https:\/\/schema.org\",\"@graph\":[{\"@type\":\"CollectionPage\",\"@id\":\"https:\/\/otticatrabuio.com\/bislakki\/collezioni\/serenissima\/\",\"url\":\"https:\/\/otticatrabuio.com\/bislakki\/collezioni\/serenissima\/\",\"name\":\"Serenissima Archivi - Ottica Trabuio | Bislakki\",\"isPartOf\":{\"@id\":\"https:\/\/otticatrabuio.com\/bislakki\/#website\"},\"breadcrumb\":{\"@id\":\"https:\/\/otticatrabuio.com\/bislakki\/collezioni\/serenissima\/#breadcrumb\"},\"inLanguage\":\"it-IT\"},{\"@type\":\"BreadcrumbList\",\"@id\":\"https:\/\/otticatrabuio.com\/bislakki\/collezioni\/serenissima\/#breadcrumb\",\"itemListElement\":[{\"@type\":\"ListItem\",\"position\":1,\"name\":\"Home\",\"item\":\"https:\/\/otticatrabuio.com\/bislakki\/\"},{\"@type\":\"ListItem\",\"position\":2,\"name\":\"Serenissima\"}]},{\"@type\":\"WebSite\",\"@id\":\"https:\/\/otticatrabuio.com\/bislakki\/#website\",\"url\":\"https:\/\/otticatrabuio.com\/bislakki\/\",\"name\":\"Ottica Trabuio | Bislakki\",\"description\":\"\",\"publisher\":{\"@id\":\"https:\/\/otticatrabuio.com\/bislakki\/#organization\"},\"potentialAction\":[{\"@type\":\"SearchAction\",\"target\":{\"@type\":\"EntryPoint\",\"urlTemplate\":\"https:\/\/otticatrabuio.com\/bislakki\/?s={search_term_string}\"},\"query-input\":{\"@type\":\"PropertyValueSpecification\",\"valueRequired\":true,\"valueName\":\"search_term_string\"}}],\"inLanguage\":\"it-IT\"},{\"@type\":\"Organization\",\"@id\":\"https:\/\/otticatrabuio.com\/bislakki\/#organization\",\"name\":\"Ottica Trabuio | Bislakki\",\"url\":\"https:\/\/otticatrabuio.com\/bislakki\/\",\"logo\":{\"@type\":\"ImageObject\",\"inLanguage\":\"it-IT\",\"@id\":\"https:\/\/otticatrabuio.com\/bislakki\/#\/schema\/logo\/image\/\",\"url\":\"https:\/\/otticatrabuio.com\/bislakki\/wp-content\/uploads\/sites\/2\/2025\/09\/Bislakki-logo.svg\",\"contentUrl\":\"https:\/\/otticatrabuio.com\/bislakki\/wp-content\/uploads\/sites\/2\/2025\/09\/Bislakki-logo.svg\",\"width\":675,\"height\":500,\"caption\":\"Ottica Trabuio | Bislakki\"},\"image\":{\"@id\":\"https:\/\/otticatrabuio.com\/bislakki\/#\/schema\/logo\/image\/\"}}]}<\/script>\n<!-- \/ Yoast SEO plugin. -->","yoast_head_json":{"title":"Serenissima Archivi - Ottica Trabuio | Bislakki","robots":{"index":"index","follow":"follow","max-snippet":"max-snippet:-1","max-image-preview":"max-image-preview:large","max-video-preview":"max-video-preview:-1"},"canonical":"https:\/\/otticatrabuio.com\/bislakki\/collezioni\/serenissima\/","og_locale":"it_IT","og_type":"article","og_title":"Serenissima Archivi - Ottica Trabuio | Bislakki","og_description":"\u00c8 semplice descrivere questi occhiali, basta una parola, Venezia. Lo stile di questi occhiali \u00e8 semplicemente unico. Guardarli porta la nostra mente nella serenissima citt\u00e0, tra le sue calle, cattedrali, maschere dei carnevali pittoreschi e alla serena aria di mare che profuma l&#8217;intera citt\u00e0 tramite le sue vie acquee.","og_url":"https:\/\/otticatrabuio.com\/bislakki\/collezioni\/serenissima\/","og_site_name":"Ottica Trabuio | Bislakki","twitter_card":"summary_large_image","schema":{"@context":"https:\/\/schema.org","@graph":[{"@type":"CollectionPage","@id":"https:\/\/otticatrabuio.com\/bislakki\/collezioni\/serenissima\/","url":"https:\/\/otticatrabuio.com\/bislakki\/collezioni\/serenissima\/","name":"Serenissima Archivi - Ottica Trabuio | Bislakki","isPartOf":{"@id":"https:\/\/otticatrabuio.com\/bislakki\/#website"},"breadcrumb":{"@id":"https:\/\/otticatrabuio.com\/bislakki\/collezioni\/serenissima\/#breadcrumb"},"inLanguage":"it-IT"},{"@type":"BreadcrumbList","@id":"https:\/\/otticatrabuio.com\/bislakki\/collezioni\/serenissima\/#breadcrumb","itemListElement":[{"@type":"ListItem","position":1,"name":"Home","item":"https:\/\/otticatrabuio.com\/bislakki\/"},{"@type":"ListItem","position":2,"name":"Serenissima"}]},{"@type":"WebSite","@id":"https:\/\/otticatrabuio.com\/bislakki\/#website","url":"https:\/\/otticatrabuio.com\/bislakki\/","name":"Ottica Trabuio | Bislakki","description":"","publisher":{"@id":"https:\/\/otticatrabuio.com\/bislakki\/#organization"},"potentialAction":[{"@type":"SearchAction","target":{"@type":"EntryPoint","urlTemplate":"https:\/\/otticatrabuio.com\/bislakki\/?s={search_term_string}"},"query-input":{"@type":"PropertyValueSpecification","valueRequired":true,"valueName":"search_term_string"}}],"inLanguage":"it-IT"},{"@type":"Organization","@id":"https:\/\/otticatrabuio.com\/bislakki\/#organization","name":"Ottica Trabuio | Bislakki","url":"https:\/\/otticatrabuio.com\/bislakki\/","logo":{"@type":"ImageObject","inLanguage":"it-IT","@id":"https:\/\/otticatrabuio.com\/bislakki\/#\/schema\/logo\/image\/","url":"https:\/\/otticatrabuio.com\/bislakki\/wp-content\/uploads\/sites\/2\/2025\/09\/Bislakki-logo.svg","contentUrl":"https:\/\/otticatrabuio.com\/bislakki\/wp-content\/uploads\/sites\/2\/2025\/09\/Bislakki-logo.svg","width":675,"height":500,"caption":"Ottica Trabuio | Bislakki"},"image":{"@id":"https:\/\/otticatrabuio.com\/bislakki\/#\/schema\/logo\/image\/"}}]}},"_links":{"self":[{"href":"https:\/\/otticatrabuio.com\/bislakki\/wp-json\/wp\/v2\/product_cat\/24","targetHints":{"allow":["GET"]}}],"collection":[{"href":"https:\/\/otticatrabuio.com\/bislakki\/wp-json\/wp\/v2\/product_cat"}],"about":[{"href":"https:\/\/otticatrabuio.com\/bislakki\/wp-json\/wp\/v2\/taxonomies\/product_cat"}],"wp:post_type":[{"href":"https:\/\/otticatrabuio.com\/bislakki\/wp-json\/wp\/v2\/product?product_cat=24"}],"curies":[{"name":"wp","href":"https:\/\/api.w.org\/{rel}","templated":true}]}}